{"id":47,"date":"2016-07-02T14:53:12","date_gmt":"2016-07-02T12:53:12","guid":{"rendered":"https:\/\/chroniken.whenua.at\/del-nolo\/?p=47"},"modified":"2025-05-21T09:09:13","modified_gmt":"2025-05-21T07:09:13","slug":"kuhandel","status":"publish","type":"post","link":"https:\/\/chroniken.whenua.at\/del-nolo\/kuhandel\/","title":{"rendered":"Kuhhandel"},"content":{"rendered":"\n<p class=\"wp-block-paragraph\">Die Adeligen Whenuas versammelten sich in einer finsteren aber wundersch\u00f6nen Burg, umgeben von unendlich viel Gr\u00fcn. Es schien die Saison der Eheb\u00fcndnisse\/des Kuhhandels gekommen zu sein. Ich lehnte mich zur\u00fcck und geno\u00df das Spektakel.<\/p>\n\n\n\n<p class=\"wp-block-paragraph\">Da erwischte mich Marvis eiskalt &#8222;Lyanna, ich denke Ihr solltet Augustus zum Manne nehmen.&#8220;<\/p>\n\n\n\n<p class=\"wp-block-paragraph\">Ich lachte laut. Zu laut. Bis ich merkte, dass sonst keiner lacht. Augustus und Minerva sahen mich entgeistert an.<\/p>\n\n\n\n<p class=\"wp-block-paragraph\"><em>Oh. Ich z\u00e4hle also auch zu den K\u00fchen?!!<\/em><\/p>\n\n\n\n<p class=\"wp-block-paragraph\"><\/p>\n\n\n\n<p class=\"wp-block-paragraph\"><\/p>\n\n\n\n<p class=\"wp-block-paragraph\"><\/p>\n","protected":false},"excerpt":{"rendered":"<p>Die Adeligen Whenuas versammelten sich in einer finsteren aber wundersch\u00f6nen Burg, umgeben von unendlich viel Gr\u00fcn. Es schien die Saison der Eheb\u00fcndnisse\/des Kuhhandels gekommen zu sein. Ich lehnte mich zur\u00fcck und geno\u00df das Spektakel. Da erwischte mich Marvis eiskalt &#8222;Lyanna, ich denke Ihr solltet Augustus zum Manne nehmen.&#8220; Ich lachte&#8230; <a class=\"continue-reading-link\" href=\"https:\/\/chroniken.whenua.at\/del-nolo\/kuhandel\/\">Continue reading<\/a><\/p>\n","protected":false},"author":2,"featured_media":0,"comment_status":"closed","ping_status":"open","sticky":false,"template":"","format":"standard","meta":{"footnotes":""},"categories":[3],"tags":[],"ppma_author":[29],"class_list":["post-47","post","type-post","status-publish","format-standard","hentry","category-nr-2-216"],"authors":[{"term_id":29,"user_id":2,"is_guest":0,"slug":"lyanna","display_name":"Lyanna del Nolo","avatar_url":"https:\/\/secure.gravatar.com\/avatar\/69d1d8256126cbedb37057beca5363303685a1f9d047a9b7d31bcf99f00788c5?s=96&d=mm&r=g","author_category":"","first_name":"Lyanna","last_name":"del Nolo","user_url":"","job_title":"","description":""}],"_links":{"self":[{"href":"https:\/\/chroniken.whenua.at\/del-nolo\/wp-json\/wp\/v2\/posts\/47","targetHints":{"allow":["GET"]}}],"collection":[{"href":"https:\/\/chroniken.whenua.at\/del-nolo\/wp-json\/wp\/v2\/posts"}],"about":[{"href":"https:\/\/chroniken.whenua.at\/del-nolo\/wp-json\/wp\/v2\/types\/post"}],"author":[{"embeddable":true,"href":"https:\/\/chroniken.whenua.at\/del-nolo\/wp-json\/wp\/v2\/users\/2"}],"replies":[{"embeddable":true,"href":"https:\/\/chroniken.whenua.at\/del-nolo\/wp-json\/wp\/v2\/comments?post=47"}],"version-history":[{"count":4,"href":"https:\/\/chroniken.whenua.at\/del-nolo\/wp-json\/wp\/v2\/posts\/47\/revisions"}],"predecessor-version":[{"id":169,"href":"https:\/\/chroniken.whenua.at\/del-nolo\/wp-json\/wp\/v2\/posts\/47\/revisions\/169"}],"wp:attachment":[{"href":"https:\/\/chroniken.whenua.at\/del-nolo\/wp-json\/wp\/v2\/media?parent=47"}],"wp:term":[{"taxonomy":"category","embeddable":true,"href":"https:\/\/chroniken.whenua.at\/del-nolo\/wp-json\/wp\/v2\/categories?post=47"},{"taxonomy":"post_tag","embeddable":true,"href":"https:\/\/chroniken.whenua.at\/del-nolo\/wp-json\/wp\/v2\/tags?post=47"},{"taxonomy":"author","embeddable":true,"href":"https:\/\/chroniken.whenua.at\/del-nolo\/wp-json\/wp\/v2\/ppma_author?post=47"}],"curies":[{"name":"wp","href":"https:\/\/api.w.org\/{rel}","templated":true}]}}